{"id":15725,"date":"2021-11-09T22:57:19","date_gmt":"2021-11-09T21:57:19","guid":{"rendered":"https:\/\/stlouisdemontfort-lachevroliere.fr\/?p=15725"},"modified":"2021-11-09T22:57:19","modified_gmt":"2021-11-09T21:57:19","slug":"election-des-delegues-en-cm2-b","status":"publish","type":"post","link":"https:\/\/stlouisdemontfort-lachevroliere.fr\/?p=15725","title":{"rendered":"\u00e9lection des d\u00e9l\u00e9gu\u00e9s en CM2 B"},"content":{"rendered":"<p>Les \u00e9l\u00e8ves qui souhaitaient se pr\u00e9senter,&nbsp; ont d\u00e9pos\u00e9 leur candidature.<\/p>\n<p>Chaque candidat a r\u00e9alis\u00e9 une affiche de campagne.<\/p>\n<p>Ensuite, les \u00e9lecteurs ont d\u00e9pos\u00e9&nbsp; leur bulletin de vote dans l&rsquo;urne.<\/p>\n<p>Pour finir, nous avons proc\u00e9d\u00e9 au d\u00e9pouillement.<\/p>\n<p>Les 2 \u00e9l\u00e8ves qui ont obtenu le plus de voix, ont \u00e9t\u00e9 \u00e9lus d\u00e9l\u00e9gu\u00e9s.<\/p>\n<p>Ils repr\u00e9senteront&nbsp; la classe pendant les conseils d&rsquo;\u00e9l\u00e8ves.<\/p>\n<p>&nbsp;<\/p>\n<p><a href=\"https:\/\/stlouisdemontfort-lachevroliere.fr\/wp-content\/uploads\/2021\/11\/20211021_100025.jpg\"><img loading=\"lazy\" decoding=\"async\" class=\"alignnone size-medium wp-image-15726\" src=\"https:\/\/stlouisdemontfort-lachevroliere.fr\/wp-content\/uploads\/2021\/11\/20211021_100025-300x169.jpg\" alt=\"\" width=\"300\" height=\"169\" srcset=\"https:\/\/stlouisdemontfort-lachevroliere.fr\/wp-content\/uploads\/2021\/11\/20211021_100025-300x169.jpg 300w, https:\/\/stlouisdemontfort-lachevroliere.fr\/wp-content\/uploads\/2021\/11\/20211021_100025-1024x576.jpg 1024w, https:\/\/stlouisdemontfort-lachevroliere.fr\/wp-content\/uploads\/2021\/11\/20211021_100025-768x432.jpg 768w, https:\/\/stlouisdemontfort-lachevroliere.fr\/wp-content\/uploads\/2021\/11\/20211021_100025-1536x864.jpg 1536w, https:\/\/stlouisdemontfort-lachevroliere.fr\/wp-content\/uploads\/2021\/11\/20211021_100025.jpg 1920w\" sizes=\"(max-width: 300px) 100vw, 300px\" \/><\/a><\/p>\n","protected":false},"excerpt":{"rendered":"<p>Les \u00e9l\u00e8ves qui souhaitaient se pr\u00e9senter,&nbsp; ont d\u00e9pos\u00e9 leur candidature. Chaque candidat a r\u00e9alis\u00e9 une affiche de campagne. Ensuite, les \u00e9lecteurs ont d\u00e9pos\u00e9&nbsp; leur bulletin de vote dans l&rsquo;urne. Pour finir, nous avons proc\u00e9d\u00e9 au d\u00e9pouillement. Les 2 \u00e9l\u00e8ves qui ont obtenu le plus de voix, ont \u00e9t\u00e9 \u00e9lus d\u00e9l\u00e9gu\u00e9s. Ils repr\u00e9senteront&nbsp; la classe pendant<\/p>\n<p><a href=\"https:\/\/stlouisdemontfort-lachevroliere.fr\/?p=15725\" class=\"more-link themebutton\">Lire la suite<\/a><\/p>\n","protected":false},"author":39,"featured_media":0,"comment_status":"closed","ping_status":"closed","sticky":false,"template":"","format":"standard","meta":{"ngg_post_thumbnail":0,"footnotes":""},"categories":[40],"tags":[],"_links":{"self":[{"href":"https:\/\/stlouisdemontfort-lachevroliere.fr\/index.php?rest_route=\/wp\/v2\/posts\/15725"}],"collection":[{"href":"https:\/\/stlouisdemontfort-lachevroliere.fr\/index.php?rest_route=\/wp\/v2\/posts"}],"about":[{"href":"https:\/\/stlouisdemontfort-lachevroliere.fr\/index.php?rest_route=\/wp\/v2\/types\/post"}],"author":[{"embeddable":true,"href":"https:\/\/stlouisdemontfort-lachevroliere.fr\/index.php?rest_route=\/wp\/v2\/users\/39"}],"replies":[{"embeddable":true,"href":"https:\/\/stlouisdemontfort-lachevroliere.fr\/index.php?rest_route=%2Fwp%2Fv2%2Fcomments&post=15725"}],"version-history":[{"count":1,"href":"https:\/\/stlouisdemontfort-lachevroliere.fr\/index.php?rest_route=\/wp\/v2\/posts\/15725\/revisions"}],"predecessor-version":[{"id":15727,"href":"https:\/\/stlouisdemontfort-lachevroliere.fr\/index.php?rest_route=\/wp\/v2\/posts\/15725\/revisions\/15727"}],"wp:attachment":[{"href":"https:\/\/stlouisdemontfort-lachevroliere.fr\/index.php?rest_route=%2Fwp%2Fv2%2Fmedia&parent=15725"}],"wp:term":[{"taxonomy":"category","embeddable":true,"href":"https:\/\/stlouisdemontfort-lachevroliere.fr\/index.php?rest_route=%2Fwp%2Fv2%2Fcategories&post=15725"},{"taxonomy":"post_tag","embeddable":true,"href":"https:\/\/stlouisdemontfort-lachevroliere.fr\/index.php?rest_route=%2Fwp%2Fv2%2Ftags&post=15725"}],"curies":[{"name":"wp","href":"https:\/\/api.w.org\/{rel}","templated":true}]}}