{"id":15741,"date":"2021-11-10T22:05:48","date_gmt":"2021-11-10T21:05:48","guid":{"rendered":"https:\/\/stlouisdemontfort-lachevroliere.fr\/?p=15741"},"modified":"2021-11-10T22:05:48","modified_gmt":"2021-11-10T21:05:48","slug":"arts-visuels-premiere-periode","status":"publish","type":"post","link":"https:\/\/stlouisdemontfort-lachevroliere.fr\/?p=15741","title":{"rendered":"Arts visuels premi\u00e8re p\u00e9riode"},"content":{"rendered":"<p>La premi\u00e8re p\u00e9riode de cette ann\u00e9e de CP vient de s&rsquo;achever et nous avons le plaisir de vous donner un petit aper\u00e7u de nos cr\u00e9ations en arts visuels.&nbsp;<\/p>\n<p>Apr\u00e8s avoir r\u00e9alis\u00e9 notre sous mains, et un marque page pour notre cahier de lecture, nous avons invit\u00e9 quelques habitants de la plan\u00e8te des alphas dans notre classe. Ils suivront nos progr\u00e8s au fil des mois et nous aideront discr\u00e8tement en lecture.<\/p>\n<p>Puis, nous avons mis notre pr\u00e9nom \u00e0 l&rsquo;honneur !&nbsp;<\/p>\n<p>Dessiner, colorier, peindre, modeler&#8230; c&rsquo;est toujours un grand moment de plaisir pour chacun.<\/p>\nngg_shortcode_0_placeholder\n","protected":false},"excerpt":{"rendered":"<p>La premi\u00e8re p\u00e9riode de cette ann\u00e9e de CP vient de s&rsquo;achever et nous avons le plaisir de vous donner un petit aper\u00e7u de nos cr\u00e9ations en arts visuels.&nbsp; Apr\u00e8s avoir r\u00e9alis\u00e9 notre sous mains, et un marque page pour notre cahier de lecture, nous avons invit\u00e9 quelques habitants de la plan\u00e8te des alphas dans notre<\/p>\n<p><a href=\"https:\/\/stlouisdemontfort-lachevroliere.fr\/?p=15741\" class=\"more-link themebutton\">Lire la suite<\/a><\/p>\n","protected":false},"author":4,"featured_media":0,"comment_status":"closed","ping_status":"closed","sticky":false,"template":"","format":"standard","meta":{"ngg_post_thumbnail":0,"footnotes":""},"categories":[10],"tags":[],"_links":{"self":[{"href":"https:\/\/stlouisdemontfort-lachevroliere.fr\/index.php?rest_route=\/wp\/v2\/posts\/15741"}],"collection":[{"href":"https:\/\/stlouisdemontfort-lachevroliere.fr\/index.php?rest_route=\/wp\/v2\/posts"}],"about":[{"href":"https:\/\/stlouisdemontfort-lachevroliere.fr\/index.php?rest_route=\/wp\/v2\/types\/post"}],"author":[{"embeddable":true,"href":"https:\/\/stlouisdemontfort-lachevroliere.fr\/index.php?rest_route=\/wp\/v2\/users\/4"}],"replies":[{"embeddable":true,"href":"https:\/\/stlouisdemontfort-lachevroliere.fr\/index.php?rest_route=%2Fwp%2Fv2%2Fcomments&post=15741"}],"version-history":[{"count":1,"href":"https:\/\/stlouisdemontfort-lachevroliere.fr\/index.php?rest_route=\/wp\/v2\/posts\/15741\/revisions"}],"predecessor-version":[{"id":15742,"href":"https:\/\/stlouisdemontfort-lachevroliere.fr\/index.php?rest_route=\/wp\/v2\/posts\/15741\/revisions\/15742"}],"wp:attachment":[{"href":"https:\/\/stlouisdemontfort-lachevroliere.fr\/index.php?rest_route=%2Fwp%2Fv2%2Fmedia&parent=15741"}],"wp:term":[{"taxonomy":"category","embeddable":true,"href":"https:\/\/stlouisdemontfort-lachevroliere.fr\/index.php?rest_route=%2Fwp%2Fv2%2Fcategories&post=15741"},{"taxonomy":"post_tag","embeddable":true,"href":"https:\/\/stlouisdemontfort-lachevroliere.fr\/index.php?rest_route=%2Fwp%2Fv2%2Ftags&post=15741"}],"curies":[{"name":"wp","href":"https:\/\/api.w.org\/{rel}","templated":true}]}}