{"id":16757,"date":"2024-10-29T11:24:11","date_gmt":"2024-10-29T10:24:11","guid":{"rendered":"https:\/\/stlouisdemontfort-lachevroliere.fr\/?p=16757"},"modified":"2024-10-29T11:24:11","modified_gmt":"2024-10-29T10:24:11","slug":"election-des-delegues-de-classe-3","status":"publish","type":"post","link":"https:\/\/stlouisdemontfort-lachevroliere.fr\/?p=16757","title":{"rendered":"\u00c9lection des d\u00e9l\u00e9gu\u00e9s de classe"},"content":{"rendered":"<p>De nouveau cette ann\u00e9e, la classe de CM2 B a proc\u00e9d\u00e9 \u00e0 l&rsquo;\u00e9lection de ses d\u00e9l\u00e9gu\u00e9s de classe.&nbsp;&nbsp;&nbsp;&nbsp;&nbsp;&nbsp;&nbsp;&nbsp;&nbsp;&nbsp;&nbsp;&nbsp;&nbsp;&nbsp;&nbsp;&nbsp;&nbsp;&nbsp;&nbsp;&nbsp;&nbsp;&nbsp;&nbsp;&nbsp;&nbsp;&nbsp;&nbsp;&nbsp;&nbsp;&nbsp;&nbsp;&nbsp;&nbsp;&nbsp;&nbsp;&nbsp;&nbsp;&nbsp;&nbsp;&nbsp;&nbsp;&nbsp;&nbsp; La parit\u00e9 \u00e9tant respect\u00e9e, Tha\u00efs et Rayan seront les repr\u00e9sentants de notre classe.&nbsp;&nbsp;&nbsp;&nbsp;&nbsp;&nbsp;&nbsp;&nbsp;&nbsp;&nbsp;&nbsp;&nbsp;&nbsp;&nbsp;&nbsp;&nbsp;&nbsp;&nbsp;&nbsp;&nbsp;&nbsp;&nbsp;&nbsp;&nbsp;&nbsp;&nbsp;&nbsp;&nbsp;&nbsp;&nbsp;&nbsp;&nbsp;&nbsp;&nbsp;&nbsp;&nbsp;&nbsp;&nbsp;&nbsp;&nbsp;&nbsp;&nbsp;&nbsp;&nbsp;&nbsp;&nbsp;&nbsp;&nbsp;&nbsp;&nbsp;&nbsp;&nbsp;&nbsp;&nbsp;&nbsp;&nbsp;&nbsp;&nbsp;&nbsp;&nbsp; Ils seront accompagn\u00e9s de Manon et Ilian qui sont les d\u00e9l\u00e9gu\u00e9s adjoints.&nbsp;&nbsp;&nbsp;&nbsp;&nbsp;&nbsp;&nbsp;&nbsp;&nbsp;&nbsp;&nbsp;&nbsp;&nbsp;&nbsp;&nbsp;&nbsp;&nbsp;&nbsp;&nbsp;&nbsp;&nbsp;&nbsp;&nbsp;&nbsp;&nbsp;&nbsp;&nbsp;&nbsp;&nbsp;&nbsp;&nbsp;&nbsp;&nbsp;&nbsp;&nbsp;&nbsp;&nbsp;&nbsp;&nbsp;&nbsp;&nbsp;&nbsp;&nbsp;&nbsp;&nbsp;&nbsp;&nbsp;&nbsp;&nbsp;&nbsp;&nbsp;&nbsp;&nbsp;&nbsp;&nbsp;&nbsp;&nbsp;&nbsp;&nbsp;&nbsp;&nbsp;&nbsp;&nbsp;&nbsp;&nbsp;&nbsp;&nbsp;&nbsp;&nbsp;&nbsp;&nbsp;&nbsp;&nbsp;&nbsp;&nbsp; Les votes ont respect\u00e9 le d\u00e9roul\u00e9 d&rsquo;une \u00e9lection avec la pr\u00e9sidente du bureau et les 2 assesseurs.&nbsp;&nbsp;&nbsp;&nbsp;&nbsp;&nbsp;&nbsp;&nbsp;&nbsp;&nbsp;&nbsp;&nbsp;&nbsp;&nbsp;&nbsp;&nbsp;&nbsp;&nbsp;&nbsp;&nbsp;&nbsp;&nbsp;&nbsp;&nbsp;&nbsp;&nbsp;&nbsp;&nbsp;&nbsp;&nbsp;&nbsp;&nbsp;&nbsp; C&rsquo;est toujours un bon exercice pour l&rsquo;enseignement moral et civique !!!<\/p>\n<p><a href=\"https:\/\/stlouisdemontfort-lachevroliere.fr\/wp-content\/uploads\/2024\/10\/20241010_160045-scaled.jpg\"><img loading=\"lazy\" decoding=\"async\" class=\"alignnone size-medium wp-image-16759\" src=\"https:\/\/stlouisdemontfort-lachevroliere.fr\/wp-content\/uploads\/2024\/10\/20241010_160045-225x300.jpg\" alt=\"\" width=\"225\" height=\"300\" srcset=\"https:\/\/stlouisdemontfort-lachevroliere.fr\/wp-content\/uploads\/2024\/10\/20241010_160045-225x300.jpg 225w, https:\/\/stlouisdemontfort-lachevroliere.fr\/wp-content\/uploads\/2024\/10\/20241010_160045-768x1024.jpg 768w, https:\/\/stlouisdemontfort-lachevroliere.fr\/wp-content\/uploads\/2024\/10\/20241010_160045-1152x1536.jpg 1152w, https:\/\/stlouisdemontfort-lachevroliere.fr\/wp-content\/uploads\/2024\/10\/20241010_160045-1536x2048.jpg 1536w, https:\/\/stlouisdemontfort-lachevroliere.fr\/wp-content\/uploads\/2024\/10\/20241010_160045-scaled.jpg 1920w\" sizes=\"(max-width: 225px) 100vw, 225px\" \/><\/a><a href=\"https:\/\/stlouisdemontfort-lachevroliere.fr\/wp-content\/uploads\/2024\/10\/20241010_144700-scaled.jpg\"><img loading=\"lazy\" decoding=\"async\" class=\"alignnone size-medium wp-image-16758\" src=\"https:\/\/stlouisdemontfort-lachevroliere.fr\/wp-content\/uploads\/2024\/10\/20241010_144700-225x300.jpg\" alt=\"\" width=\"225\" height=\"300\" srcset=\"https:\/\/stlouisdemontfort-lachevroliere.fr\/wp-content\/uploads\/2024\/10\/20241010_144700-225x300.jpg 225w, https:\/\/stlouisdemontfort-lachevroliere.fr\/wp-content\/uploads\/2024\/10\/20241010_144700-768x1024.jpg 768w, https:\/\/stlouisdemontfort-lachevroliere.fr\/wp-content\/uploads\/2024\/10\/20241010_144700-1152x1536.jpg 1152w, https:\/\/stlouisdemontfort-lachevroliere.fr\/wp-content\/uploads\/2024\/10\/20241010_144700-1536x2048.jpg 1536w, https:\/\/stlouisdemontfort-lachevroliere.fr\/wp-content\/uploads\/2024\/10\/20241010_144700-scaled.jpg 1920w\" sizes=\"(max-width: 225px) 100vw, 225px\" \/><\/a><\/p>\n","protected":false},"excerpt":{"rendered":"<p>De nouveau cette ann\u00e9e, la classe de CM2 B a proc\u00e9d\u00e9 \u00e0 l&rsquo;\u00e9lection de ses d\u00e9l\u00e9gu\u00e9s de classe.&nbsp;&nbsp;&nbsp;&nbsp;&nbsp;&nbsp;&nbsp;&nbsp;&nbsp;&nbsp;&nbsp;&nbsp;&nbsp;&nbsp;&nbsp;&nbsp;&nbsp;&nbsp;&nbsp;&nbsp;&nbsp;&nbsp;&nbsp;&nbsp;&nbsp;&nbsp;&nbsp;&nbsp;&nbsp;&nbsp;&nbsp;&nbsp;&nbsp;&nbsp;&nbsp;&nbsp;&nbsp;&nbsp;&nbsp;&nbsp;&nbsp;&nbsp;&nbsp; La parit\u00e9 \u00e9tant respect\u00e9e, Tha\u00efs et Rayan seront les repr\u00e9sentants de notre classe.&nbsp;&nbsp;&nbsp;&nbsp;&nbsp;&nbsp;&nbsp;&nbsp;&nbsp;&nbsp;&nbsp;&nbsp;&nbsp;&nbsp;&nbsp;&nbsp;&nbsp;&nbsp;&nbsp;&nbsp;&nbsp;&nbsp;&nbsp;&nbsp;&nbsp;&nbsp;&nbsp;&nbsp;&nbsp;&nbsp;&nbsp;&nbsp;&nbsp;&nbsp;&nbsp;&nbsp;&nbsp;&nbsp;&nbsp;&nbsp;&nbsp;&nbsp;&nbsp;&nbsp;&nbsp;&nbsp;&nbsp;&nbsp;&nbsp;&nbsp;&nbsp;&nbsp;&nbsp;&nbsp;&nbsp;&nbsp;&nbsp;&nbsp;&nbsp;&nbsp; Ils seront accompagn\u00e9s de Manon et Ilian qui sont les d\u00e9l\u00e9gu\u00e9s adjoints.&nbsp;&nbsp;&nbsp;&nbsp;&nbsp;&nbsp;&nbsp;&nbsp;&nbsp;&nbsp;&nbsp;&nbsp;&nbsp;&nbsp;&nbsp;&nbsp;&nbsp;&nbsp;&nbsp;&nbsp;&nbsp;&nbsp;&nbsp;&nbsp;&nbsp;&nbsp;&nbsp;&nbsp;&nbsp;&nbsp;&nbsp;&nbsp;&nbsp;&nbsp;&nbsp;&nbsp;&nbsp;&nbsp;&nbsp;&nbsp;&nbsp;&nbsp;&nbsp;&nbsp;&nbsp;&nbsp;&nbsp;&nbsp;&nbsp;&nbsp;&nbsp;&nbsp;&nbsp;&nbsp;&nbsp;&nbsp;&nbsp;&nbsp;&nbsp;&nbsp;&nbsp;&nbsp;&nbsp;&nbsp;&nbsp;&nbsp;&nbsp;&nbsp;&nbsp;&nbsp;&nbsp;&nbsp;&nbsp;&nbsp;&nbsp; Les votes ont respect\u00e9 le d\u00e9roul\u00e9 d&rsquo;une \u00e9lection avec la pr\u00e9sidente du<\/p>\n<p><a href=\"https:\/\/stlouisdemontfort-lachevroliere.fr\/?p=16757\" class=\"more-link themebutton\">Lire la suite<\/a><\/p>\n","protected":false},"author":39,"featured_media":0,"comment_status":"closed","ping_status":"closed","sticky":false,"template":"","format":"standard","meta":{"ngg_post_thumbnail":0,"footnotes":""},"categories":[40],"tags":[],"_links":{"self":[{"href":"https:\/\/stlouisdemontfort-lachevroliere.fr\/index.php?rest_route=\/wp\/v2\/posts\/16757"}],"collection":[{"href":"https:\/\/stlouisdemontfort-lachevroliere.fr\/index.php?rest_route=\/wp\/v2\/posts"}],"about":[{"href":"https:\/\/stlouisdemontfort-lachevroliere.fr\/index.php?rest_route=\/wp\/v2\/types\/post"}],"author":[{"embeddable":true,"href":"https:\/\/stlouisdemontfort-lachevroliere.fr\/index.php?rest_route=\/wp\/v2\/users\/39"}],"replies":[{"embeddable":true,"href":"https:\/\/stlouisdemontfort-lachevroliere.fr\/index.php?rest_route=%2Fwp%2Fv2%2Fcomments&post=16757"}],"version-history":[{"count":1,"href":"https:\/\/stlouisdemontfort-lachevroliere.fr\/index.php?rest_route=\/wp\/v2\/posts\/16757\/revisions"}],"predecessor-version":[{"id":16760,"href":"https:\/\/stlouisdemontfort-lachevroliere.fr\/index.php?rest_route=\/wp\/v2\/posts\/16757\/revisions\/16760"}],"wp:attachment":[{"href":"https:\/\/stlouisdemontfort-lachevroliere.fr\/index.php?rest_route=%2Fwp%2Fv2%2Fmedia&parent=16757"}],"wp:term":[{"taxonomy":"category","embeddable":true,"href":"https:\/\/stlouisdemontfort-lachevroliere.fr\/index.php?rest_route=%2Fwp%2Fv2%2Fcategories&post=16757"},{"taxonomy":"post_tag","embeddable":true,"href":"https:\/\/stlouisdemontfort-lachevroliere.fr\/index.php?rest_route=%2Fwp%2Fv2%2Ftags&post=16757"}],"curies":[{"name":"wp","href":"https:\/\/api.w.org\/{rel}","templated":true}]}}